{"id":115,"date":"2019-06-03T20:00:00","date_gmt":"2019-06-03T18:00:00","guid":{"rendered":"https:\/\/www.eeichler.de\/wordpress\/?p=115"},"modified":"2021-09-26T21:40:24","modified_gmt":"2021-09-26T19:40:24","slug":"15-jahre-kunstpause-zug-06-09-juni-2019","status":"publish","type":"post","link":"https:\/\/www.eeichler.de\/?p=115","title":{"rendered":"15 Jahre Kunstpause Zug, 06-09. Juni 2019"},"content":{"rendered":"\n<div class=\"wp-block-media-text alignwide is-stacked-on-mobile\"><figure class=\"wp-block-media-text__media\"><img loading=\"lazy\" decoding=\"async\" width=\"1024\" height=\"768\" src=\"https:\/\/www.eeichler.de\/wordpress\/wp-content\/uploads\/2021\/09\/IMG-20190822-WA0000-1024x768.jpg\" alt=\"\" class=\"wp-image-119 size-full\" srcset=\"https:\/\/www.eeichler.de\/wp-content\/uploads\/2021\/09\/IMG-20190822-WA0000-1024x768.jpg 1024w, https:\/\/www.eeichler.de\/wp-content\/uploads\/2021\/09\/IMG-20190822-WA0000-300x225.jpg 300w, https:\/\/www.eeichler.de\/wp-content\/uploads\/2021\/09\/IMG-20190822-WA0000-768x576.jpg 768w, https:\/\/www.eeichler.de\/wp-content\/uploads\/2021\/09\/IMG-20190822-WA0000-1536x1153.jpg 1536w, https:\/\/www.eeichler.de\/wp-content\/uploads\/2021\/09\/IMG-20190822-WA0000-1568x1177.jpg 1568w, https:\/\/www.eeichler.de\/wp-content\/uploads\/2021\/09\/IMG-20190822-WA0000.jpg 1599w\" sizes=\"auto, (max-width: 1024px) 100vw, 1024px\" \/><\/figure><div class=\"wp-block-media-text__content\">\n<p>Das Kulturfestival Kunstpause feiert Anfang Juni ihr 15. Jubil\u00e4um in der Chollerhalle in Zug, bei der junge K\u00fcnstler ihr k\u00fcnstlerisches Schaffen zur Schau stellen. Emanuel Eichler pr\u00e4sentiert dort sein Werk &#8222;Der Held stirbt&#8220; (Comics und Acryl auf Leinwand, 80&#215;80) sowie zehn weitere Arbeiten auf Papier (A4 Format) zu diesem Thema.<\/p>\n<\/div><\/div>\n\n\n\n<figure class=\"wp-block-image size-large\"><img loading=\"lazy\" decoding=\"async\" width=\"708\" height=\"1024\" src=\"https:\/\/www.eeichler.de\/wordpress\/wp-content\/uploads\/2021\/09\/1567952357882_image3-708x1024.jpeg\" alt=\"\" class=\"wp-image-120\" srcset=\"https:\/\/www.eeichler.de\/wp-content\/uploads\/2021\/09\/1567952357882_image3-708x1024.jpeg 708w, https:\/\/www.eeichler.de\/wp-content\/uploads\/2021\/09\/1567952357882_image3-207x300.jpeg 207w, https:\/\/www.eeichler.de\/wp-content\/uploads\/2021\/09\/1567952357882_image3-768x1111.jpeg 768w, https:\/\/www.eeichler.de\/wp-content\/uploads\/2021\/09\/1567952357882_image3-1062x1536.jpeg 1062w, https:\/\/www.eeichler.de\/wp-content\/uploads\/2021\/09\/1567952357882_image3-1416x2048.jpeg 1416w, https:\/\/www.eeichler.de\/wp-content\/uploads\/2021\/09\/1567952357882_image3.jpeg 1535w\" sizes=\"auto, (max-width: 708px) 100vw, 708px\" \/><\/figure>\n","protected":false},"excerpt":{"rendered":"<p>Das Kulturfestival Kunstpause feiert Anfang Juni ihr 15. Jubil\u00e4um in der Chollerhalle in Zug, bei der junge K\u00fcnstler ihr k\u00fcnstlerisches Schaffen zur Schau stellen. Emanuel Eichler pr\u00e4sentiert dort sein Werk &#8222;Der Held stirbt&#8220; (Comics und Acryl auf Leinwand, 80&#215;80) sowie zehn weitere Arbeiten auf Papier (A4 Format) zu diesem Thema.<\/p>\n","protected":false},"author":2,"featured_media":119,"comment_status":"open","ping_status":"open","sticky":false,"template":"","format":"standard","meta":{"footnotes":""},"categories":[1],"tags":[],"class_list":{"0":"post-115","1":"post","2":"type-post","3":"status-publish","4":"format-standard","5":"has-post-thumbnail","7":"category-allgemein","8":"czr-hentry"},"_links":{"self":[{"href":"https:\/\/www.eeichler.de\/index.php?rest_route=\/wp\/v2\/posts\/115","targetHints":{"allow":["GET"]}}],"collection":[{"href":"https:\/\/www.eeichler.de\/index.php?rest_route=\/wp\/v2\/posts"}],"about":[{"href":"https:\/\/www.eeichler.de\/index.php?rest_route=\/wp\/v2\/types\/post"}],"author":[{"embeddable":true,"href":"https:\/\/www.eeichler.de\/index.php?rest_route=\/wp\/v2\/users\/2"}],"replies":[{"embeddable":true,"href":"https:\/\/www.eeichler.de\/index.php?rest_route=%2Fwp%2Fv2%2Fcomments&post=115"}],"version-history":[{"count":1,"href":"https:\/\/www.eeichler.de\/index.php?rest_route=\/wp\/v2\/posts\/115\/revisions"}],"predecessor-version":[{"id":121,"href":"https:\/\/www.eeichler.de\/index.php?rest_route=\/wp\/v2\/posts\/115\/revisions\/121"}],"wp:featuredmedia":[{"embeddable":true,"href":"https:\/\/www.eeichler.de\/index.php?rest_route=\/wp\/v2\/media\/119"}],"wp:attachment":[{"href":"https:\/\/www.eeichler.de\/index.php?rest_route=%2Fwp%2Fv2%2Fmedia&parent=115"}],"wp:term":[{"taxonomy":"category","embeddable":true,"href":"https:\/\/www.eeichler.de\/index.php?rest_route=%2Fwp%2Fv2%2Fcategories&post=115"},{"taxonomy":"post_tag","embeddable":true,"href":"https:\/\/www.eeichler.de\/index.php?rest_route=%2Fwp%2Fv2%2Ftags&post=115"}],"curies":[{"name":"wp","href":"https:\/\/api.w.org\/{rel}","templated":true}]}}